{"id":588,"date":"2024-11-15T10:21:51","date_gmt":"2024-11-15T10:21:51","guid":{"rendered":"https:\/\/www.geometria.hu\/?p=588"},"modified":"2024-11-15T10:24:10","modified_gmt":"2024-11-15T10:24:10","slug":"mataszsz-minositett-partner-cimet-nyert-el-a-geometria-kft","status":"publish","type":"post","link":"https:\/\/www.geometria.hu\/en\/mataszsz-minositett-partner-cimet-nyert-el-a-geometria-kft\/","title":{"rendered":"MaT\u00e1SzSz Min\u0151s\u00edtett Partner c\u00edmet nyert el a Geometria Kft."},"content":{"rendered":"<p class=\"has-small-font-size\">A MaT\u00e1SzSz \u00e9vente megrendezett t\u00e1vh\u0151szolg\u00e1ltat\u00e1si konferenci\u00e1ja a legrangosabb ipar\u00e1gi esem\u00e9ny.\u00a0A g\u00e1laesten ker\u00fcltek \u00e1tad\u00e1sra a MaT\u00e1SzSz Min\u0151s\u00edtett Partner c\u00edmek. Ezt id\u00e9n t\u00edz tagv\u00e1llalat nyerte el, ezek k\u00f6z\u00f6tt a Geometria Kft. mint egyed\u00fcli szoftver c\u00e9g.<br>A MaT\u00e1SzSz Min\u0151s\u00edtett Partner c\u00edm jelzi, hogy a v\u00e1llalat \u00e9rdemes a hossz\u00fa t\u00e1v\u00fa kapcsolat kialak\u00edt\u00e1s\u00e1ra a MaT\u00e1SzSz Rendes tagjaival \u00e9s els\u0151bbs\u00e9get \u00e9lvez a MaT\u00e1SzSz \u00e1ltal t\u00f6rt\u00e9n\u0151 aj\u00e1nl\u00e1s ok\u00e1n.<\/p>\n\n\n\n<figure class=\"wp-block-image size-large\"><img loading=\"lazy\" decoding=\"async\" width=\"1024\" height=\"682\" src=\"https:\/\/www.geometria.hu\/wp-content\/uploads\/2024\/11\/HR__1233-1024x682.jpg\" alt=\"\" class=\"wp-image-589\" srcset=\"https:\/\/www.geometria.hu\/wp-content\/uploads\/2024\/11\/HR__1233-1024x682.jpg 1024w, https:\/\/www.geometria.hu\/wp-content\/uploads\/2024\/11\/HR__1233-300x200.jpg 300w, https:\/\/www.geometria.hu\/wp-content\/uploads\/2024\/11\/HR__1233-768x512.jpg 768w, https:\/\/www.geometria.hu\/wp-content\/uploads\/2024\/11\/HR__1233-1536x1024.jpg 1536w, https:\/\/www.geometria.hu\/wp-content\/uploads\/2024\/11\/HR__1233-18x12.jpg 18w, https:\/\/www.geometria.hu\/wp-content\/uploads\/2024\/11\/HR__1233.jpg 2000w\" sizes=\"auto, (max-width: 1024px) 100vw, 1024px\" \/><\/figure>\n\n\n\n<figure class=\"wp-block-image size-large\"><img loading=\"lazy\" decoding=\"async\" width=\"1024\" height=\"683\" src=\"https:\/\/www.geometria.hu\/wp-content\/uploads\/2024\/11\/HR__1647-1024x683.jpg\" alt=\"\" class=\"wp-image-591\" srcset=\"https:\/\/www.geometria.hu\/wp-content\/uploads\/2024\/11\/HR__1647-1024x683.jpg 1024w, https:\/\/www.geometria.hu\/wp-content\/uploads\/2024\/11\/HR__1647-300x200.jpg 300w, https:\/\/www.geometria.hu\/wp-content\/uploads\/2024\/11\/HR__1647-768x512.jpg 768w, https:\/\/www.geometria.hu\/wp-content\/uploads\/2024\/11\/HR__1647-1536x1025.jpg 1536w, https:\/\/www.geometria.hu\/wp-content\/uploads\/2024\/11\/HR__1647-18x12.jpg 18w, https:\/\/www.geometria.hu\/wp-content\/uploads\/2024\/11\/HR__1647.jpg 2000w\" sizes=\"auto, (max-width: 1024px) 100vw, 1024px\" \/><\/figure>","protected":false},"excerpt":{"rendered":"<p>A MaT\u00e1SzSz \u00e9vente megrendezett t\u00e1vh\u0151szolg\u00e1ltat\u00e1si konferenci\u00e1ja a legrangosabb ipar\u00e1gi esem\u00e9ny.\u00a0A g\u00e1laesten ker\u00fcltek \u00e1tad\u00e1sra a MaT\u00e1SzSz Min\u0151s\u00edtett Partner c\u00edmek. Ezt id\u00e9n t\u00edz tagv\u00e1llalat nyerte el, ezek k\u00f6z\u00f6tt a Geometria Kft. mint egyed\u00fcli szoftver c\u00e9g.A MaT\u00e1SzSz Min\u0151s\u00edtett Partner c\u00edm jelzi, hogy a v\u00e1llalat \u00e9rdemes a hossz\u00fa t\u00e1v\u00fa kapcsolat kialak\u00edt\u00e1s\u00e1ra a MaT\u00e1SzSz Rendes tagjaival \u00e9s els\u0151bbs\u00e9get \u00e9lvez a [&hellip;]<\/p>","protected":false},"author":3,"featured_media":589,"comment_status":"open","ping_status":"open","sticky":false,"template":"","format":"standard","meta":{"footnotes":""},"categories":[1],"tags":[],"class_list":["post-588","post","type-post","status-publish","format-standard","has-post-thumbnail","hentry","category-uncategorized"],"_links":{"self":[{"href":"https:\/\/www.geometria.hu\/en\/wp-json\/wp\/v2\/posts\/588","targetHints":{"allow":["GET"]}}],"collection":[{"href":"https:\/\/www.geometria.hu\/en\/wp-json\/wp\/v2\/posts"}],"about":[{"href":"https:\/\/www.geometria.hu\/en\/wp-json\/wp\/v2\/types\/post"}],"author":[{"embeddable":true,"href":"https:\/\/www.geometria.hu\/en\/wp-json\/wp\/v2\/users\/3"}],"replies":[{"embeddable":true,"href":"https:\/\/www.geometria.hu\/en\/wp-json\/wp\/v2\/comments?post=588"}],"version-history":[{"count":4,"href":"https:\/\/www.geometria.hu\/en\/wp-json\/wp\/v2\/posts\/588\/revisions"}],"predecessor-version":[{"id":595,"href":"https:\/\/www.geometria.hu\/en\/wp-json\/wp\/v2\/posts\/588\/revisions\/595"}],"wp:featuredmedia":[{"embeddable":true,"href":"https:\/\/www.geometria.hu\/en\/wp-json\/wp\/v2\/media\/589"}],"wp:attachment":[{"href":"https:\/\/www.geometria.hu\/en\/wp-json\/wp\/v2\/media?parent=588"}],"wp:term":[{"taxonomy":"category","embeddable":true,"href":"https:\/\/www.geometria.hu\/en\/wp-json\/wp\/v2\/categories?post=588"},{"taxonomy":"post_tag","embeddable":true,"href":"https:\/\/www.geometria.hu\/en\/wp-json\/wp\/v2\/tags?post=588"}],"curies":[{"name":"wp","href":"https:\/\/api.w.org\/{rel}","templated":true}]}}